{"id":4659,"date":"2026-08-28T20:00:22","date_gmt":"2026-08-28T18:00:22","guid":{"rendered":"http:\/\/www.StJoseph.no\/?p=4659"},"modified":"2026-08-30T00:19:20","modified_gmt":"2026-08-29T22:19:20","slug":"forside-2","status":"publish","type":"post","link":"https:\/\/www.StJoseph.no\/?p=4659","title":{"rendered":""},"content":{"rendered":"<h3 lang=\"en-US\">\u00a0<img loading=\"lazy\" decoding=\"async\" class=\"alignnone size-full wp-image-15362\" src=\"https:\/\/www.StJoseph.no\/wp-content\/uploads\/2024\/11\/cropped-cropped-cropped-cropped-cropped-cropped-csj-emblem.jpg\" alt=\"\" width=\"240\" height=\"240\" srcset=\"https:\/\/www.StJoseph.no\/wp-content\/uploads\/2024\/11\/cropped-cropped-cropped-cropped-cropped-cropped-csj-emblem.jpg 240w, https:\/\/www.StJoseph.no\/wp-content\/uploads\/2024\/11\/cropped-cropped-cropped-cropped-cropped-cropped-csj-emblem-150x150.jpg 150w\" sizes=\"auto, (max-width: 240px) 85vw, 240px\" \/><\/h3>\n<h3 lang=\"en-US\">Den norske ordensprovins<\/h3>\n<p>Brannvaktveien 5, N-0489 Oslo<br \/>\nTel: 23400935\/23400922<br \/>\n<a href=\"mailto:provins@stjoseph.no\">provins@stjoseph.no<\/a><br \/>\n*****************<\/p>\n<p><a href=\"https:\/\/www.stjoseph.no\/\"><span style=\"color: #007acc;\"><span style=\"font-family: Montserrat, Helvetica Neue, sans-serif;\"><b><span style=\"color: #3366ff;\">St. Josephs\u00f8strene av Chamb\u00e9ry<\/span><\/b><\/span><\/span><\/a><\/p>\n<p><strong><span style=\"font-family: Merriweather, Georgia, serif; color: #3366ff;\">Den norske ordensprovins<\/span><\/strong><\/p>\n<p lang=\"de-DE\">*****************************<\/p>\n<header class=\"page__header \">\n<div class=\"container\">\n<div class=\"row\">\n<div class=\"col-lg-7 me-auto\">\n<h1>Kong Harald V d\u00f8de 28.08.2026 R.I.P<\/h1>\n<h2>La oss be for\u00a0 v\u00e5r kjaere konge og m\u00e5 han hvile i Guds kjaerlighet og fred.<\/h2>\n<h2>Pontifikal rekviemmesse for kong Harald i Sankt Olav domkirke<\/h2>\n<div class=\"row\">\n<div class=\"region region--content_top \">\n<div class=\"field field--name-field-teaser field--type-text-long field--label-hidden field__item\">\n<h2>Sankt Olav domkirke i Oslo om kvelden fredag 28. august. Menigheten tar farvel med folkekongen Harald 5., som d\u00f8de kl. 06.35 samme dag.<\/h2>\n<\/div>\n<\/div>\n<\/div>\n<\/div>\n<\/div>\n<\/div>\n<\/header>\n<p>&nbsp;<\/p>\n<div class=\"page__content pt-2 \">\n<div class=\"container \">\n<div class=\"block block--katolsk-content block--system-main\">\n<article class=\"node node--full article article--full node--article--full\">\n<div class=\"field field--image--carousel field--name-field-header-image field--type-entity-reference field--label-hidden field__items\">\n<div class=\"field field--image--carousel field--name-field-header-image field--type-entity-reference field--label-hidden field__items field__itemw-100 d-flex align-items-center justify-content-center\">\n<div class=\"media media--type-remote-video media--remote-video--article media--view-mode-article\">\n<h2 class=\"field field--name-field-media-oembed-video field--type-string field--label-hidden field__item\"><iframe loading=\"lazy\" class=\"media-oembed-content\" title=\"Biskop Fredrik Hansen: \u2013 Som katolikker fortsetter vi \u00e5 be for kong Harald 5. de neste dagene\" src=\"https:\/\/www.katolsk.no\/media\/oembed?url=https%3A\/\/youtu.be\/W_g0ekJtN8g&amp;max_width=0&amp;max_height=0&amp;hash=l1u72J09mxFQTO7W-07xkzoAbOxYMfYCK2VpKcZKLt8\" width=\"200\" height=\"113\" data-src=\"https:\/\/www.katolsk.no\/media\/oembed?url=https%3A\/\/youtu.be\/W_g0ekJtN8g&amp;max_width=0&amp;max_height=0&amp;hash=l1u72J09mxFQTO7W-07xkzoAbOxYMfYCK2VpKcZKLt8\" data-name=\"youtube\" data-thumbnail=\"https:\/\/www.katolsk.no\/sites\/default\/files\/oembed_thumbnails\/2026-08\/DyLfJ6cm5AJIh7q_IACiKqjHuqRCp7nFLDhtuIEHpEs.jpg\" data-modified-by-klaro=\"yes\" data-mce-fragment=\"1\"><\/iframe><\/h2>\n<\/div>\n<\/div>\n<\/div>\n<\/article>\n<\/div>\n<\/div>\n<\/div>\n<p lang=\"de-DE\">***************************************************<\/p>\n<header class=\"page__header \">\n<div class=\"container\">\n<div class=\"row\">\n<div class=\"col-lg-7 me-auto\">\n<h1 class=\"page-title font-family-meno\">Norges nye konge tar navnet Haakon VIII<\/h1>\n<div class=\"page__content-top\">\n<div class=\"row\">\n<div class=\"region region--content_top \">Norges nye konge har valgt \u00e5 ta navnet kong Haakon VIII. Han tar samme valgspr\u00e5k som sin far, farfar og oldefar: \u00abAlt for Norge!\u00bb<\/div>\n<\/div>\n<\/div>\n<\/div>\n<\/div>\n<\/div>\n<\/header>\n<div class=\"page__content pt-2 \">\n<div class=\"container \">\n<div class=\"block block--katolsk-content block--system-main\">\n<article class=\"node node--full article article--full node--article--full\">\n<div class=\"row\">\n<div class=\"col-lg-7 me-auto\">\n<div class=\"field field--name-field-teaser field--type-text-long field--label-hidden field__item\">\n<p>La\u00a0 \u00a0oss be ogs\u00e5 spesielt for v\u00e5r nye konge.<\/p>\n<p>( Se nyheter katolske kirke, katolsk.no)<\/p>\n<\/div>\n<\/div>\n<\/div>\n<\/article>\n<\/div>\n<\/div>\n<\/div>\n<p>**********************************************************<\/p>\n<h3><span style=\"color: #008000;\">En stor begivenhet hos St. Josephs\u00f8strene p\u00e5 Grefsen!<\/span><\/h3>\n<p>St. Josephs\u00f8strene kom til Norge i 1865. Sr. Ingrid-Marie er den<br \/>\nf\u00f8rste St. Josephs\u00f8ster som blir 100 \u00e5r! Det er godt gjort!!!<\/p>\n<p><img loading=\"lazy\" decoding=\"async\" title=\"img049.jpg Ingrid Marie i den nye drakten\" src=\"http:\/\/www.stjoseph.no\/wp-content\/uploads\/2016\/08\/img049.jpg-Ingrid-Marie-i-den-nye-drakten-300x255.jpg\" alt=\"img049.jpg Ingrid Marie i den nye drakten\" width=\"300\" height=\"255\" \/><\/p>\n<p><span style=\"font-family: Times New Roman, Times, serif; font-size: medium;\"><strong><span style=\"font-size: x-large;\">S\u00f8ster Ingrid Marie Nilsson 100 \u00e5r<\/span><\/strong><\/span><span style=\"font-family: Times New Roman, Times, serif;\"><br \/>\n<\/span> <span style=\"font-family: Times New Roman, Times, serif; font-size: x-large;\">Den 18. august fyller s\u00f8ster Ingrid Marie Nilsson CSJ 100 \u00e5r. Hun tr\u00e5dte inn hos St. Josephs\u00f8strene i 1947, og gjennom et langt og innholdsrikt liv har hun viet seg til tjeneste for Gud og mennesker.<\/span><span style=\"font-family: Times New Roman, Times, serif;\"><br \/>\n<\/span> <span style=\"font-family: Times New Roman, Times, serif; font-size: x-large;\">Hun har v\u00e6rt l\u00e6rer, organist, kateket og meds\u00f8ster og har alltid hatt et varmt engasjement for mennesker og Kirken. Gjennom \u00e5rene har hun hatt oppgaver i Oslo, Kristiansand, Fredrikstad og Porsgrunn, og har studert og reist til blant annet Frankrike, Tyskland, Roma, Israel og USA.<\/span><span style=\"font-family: Times New Roman, Times, serif;\"><br \/>\n<span style=\"font-size: x-large;\">S\u00f8ster Ingrid Marie har hjulpet mange mennesker til et n\u00e6rmere forhold til Gud gjennom b\u00f8nn, undervisning, samtalegrupper og omsorg for dem som hadde det vanskelig. Hun er kjent for sitt lyse sinn, sin livsglede og hennes utsagn: <\/span><em><span style=\"font-size: x-large;\">Jeg er gammel, men hjertet mitt er ungt.<\/span><\/em><br \/>\n<\/span> <span style=\"font-family: Times New Roman, Times, serif; font-size: x-large;\">Som organist har hun beriket gudstjenester i mange menigheter, og hun spilte aktivt helt til hun fylte 95 \u00e5r.<\/span><span style=\"font-family: Times New Roman, Times, serif;\"><br \/>\n<\/span> <span style=\"font-family: Times New Roman, Times, serif; font-size: x-large;\">St. Josephs\u00f8strene takker henne for et langt og rikt liv i trofast tjeneste og gratulerer henne hjertelig med 100-\u00e5rsdagen.<\/span><\/p>\n<p lang=\"de-DE\"><strong><span style=\"color: #0000ff;\"><span style=\"font-family: Garamond, serif;\"><span style=\"font-size: medium;\"><u>***************************************************************************\u00a0<\/u><\/span><\/span><\/span><\/strong><\/p>\n<p lang=\"de-DE\"><strong><span style=\"color: #0000ff;\"><span style=\"font-family: Garamond, serif;\"><span style=\"font-size: medium;\"><u>R E T R E T T E R 20<\/u><\/span><\/span><\/span><span style=\"color: #0000ff;\"><span style=\"font-family: Garamond, serif;\"><span style=\"font-size: medium;\"><u>2<\/u><\/span><\/span><\/span><span style=\"color: #0000ff;\"><span style=\"font-family: Garamond, serif;\"><span style=\"font-size: medium;\"><u>6<\/u><\/span><\/span><\/span> <\/strong><span style=\"color: #0000ff;\"><span style=\"font-family: Garamond, serif;\"><span style=\"font-size: large;\"><b><br \/>\n<\/b><\/span><\/span><\/span><\/p>\n<h6><img loading=\"lazy\" decoding=\"async\" class=\"\" title=\"laaven\" src=\"https:\/\/www.stjoseph.no\/wp-content\/uploads\/2010\/01\/laaven2.jpg\" alt=\"laaven\" width=\"306\" height=\"229\" \/><\/h6>\n<p><strong>\u00abF\u00e5 mennesker aner hva Gud kunne gj\u00f8re<\/strong> <strong>ut av dem,<br \/>\nom de bare uten forbehold ville<\/strong> <strong>overgi seg til n\u00e5dens<br \/>\nledelse, om de tok av<\/strong><strong>stand fra sin egoisme og<br \/>\novergav seg helt<\/strong> <strong>den guddommelige mesters hender,<br \/>\ns\u00e5 han<\/strong> <strong>kunne forme deres sjeler.\u00bb<\/strong><br \/>\n<strong>(Ignatius av Loyola 1491-1556)<\/strong><\/p>\n<p>(se mer under retrettsenter)<\/p>\n<p><b><\/b><span style=\"color: #009900;\"><span style=\"font-family: Garamond, serif;\"><span style=\"font-size: medium;\"><b>10 dagers retrett<br \/>\n<\/b><\/span><\/span><\/span><b><\/b><span style=\"color: #009933;\"><span style=\"font-family: Garamond, serif;\"><span style=\"font-size: small;\"><b><br \/>\n<\/b><\/span><\/span><\/span><span style=\"color: #009933;\"><span style=\"font-family: Garamond, serif;\"><span style=\"font-size: small;\"><b>Fre 11. sept.- s\u00f8n 20. sept. &#8211;<br \/>\n<\/b><\/span><\/span><\/span><span style=\"color: #009933;\"><span style=\"font-family: Garamond, serif;\"><span style=\"font-size: small;\"><b>kr 8000,&#8211;Bj\u00f8rg Eimstad og Geir Gundersen<br \/>\nen weekend retrett Tors 17.sept.-S\u00f8n 20. sept.<br \/>\nkr 3500,&#8211;(fulltegnet)<\/b><\/span><\/span><\/span><\/p>\n<p><span style=\"color: #cc9900;\"><span style=\"font-family: Garamond, serif;\"><span style=\"font-size: small;\"><b>Skandinavisk Manresa m\u00f8te(fast gruppe)<br \/>\nS\u00f8n 30. august &#8211; tors 3. september <\/b><\/span><\/span><\/span><\/p>\n<pre>28. sept.-2. okt-(fast gruppe)NLA\r\n<span style=\"color: #009933;\"><span style=\"font-size: small;\"><span style=\"color: #000000;\"><span style=\"font-family: Garamond, serif;\">1<\/span><\/span><span style=\"color: #000000;\"><span style=\"font-family: Garamond, serif;\">2.-16. oktober - <\/span><\/span><span style=\"color: #000000;\"><span style=\"font-family: Garamond, serif;\">(fast gruppe)Biskoper- den Norske Kirke<\/span><\/span>\r\n<\/span><\/span><span style=\"color: #009933;\"><span style=\"font-size: small;\"><span style=\"color: #000000;\"><span style=\"font-family: Garamond, serif;\">26.-29. oktober - <\/span><\/span><span style=\"color: #000000;\"><span style=\"font-family: Garamond, serif;\">(fast gruppe)MF\r\n\r\n<\/span><\/span><\/span><\/span><span style=\"color: #008000;\"><span style=\"font-size: small;\"><span style=\"font-family: Garamond, serif;\">1. oktober kl. 18.00 Hl. Messe hos St. Josephs\u00f8strene p\u00e5 Grefsen med <\/span><\/span><span style=\"font-size: small;\"><span style=\"font-family: Garamond, serif;\">\r\nb\u00f8nn om gode s\u00f8ster, preste  og ordenskall. Etter messen samling i\r\ns\u00f8strenes spisestue.<\/span><\/span><\/span><\/pre>\n<pre>06.nov.-08. november fast gruppe,diakoner OKB<\/pre>\n<p><span style=\"color: #009933;\"><span style=\"font-size: small;\"><span style=\"color: #996600;\"><span style=\"font-family: Garamond, serif;\"><b>Nedre Romerike og \u00d8stre Borgesyssel prosti<br \/>\n<\/b><\/span><\/span><span style=\"color: #996600;\"><span style=\"font-family: Garamond, serif;\"><b>M<\/b><\/span><\/span><span style=\"color: #996600;\"><span style=\"font-family: Garamond, serif;\"><b>an 16<\/b><\/span><\/span><span style=\"color: #996600;\"><span style=\"font-family: Garamond, serif;\"><b>.nov til tors 19<\/b><\/span><\/span><span style=\"color: #996600;\"><span style=\"font-family: Garamond, serif;\"><b>. nov<\/b><\/span><\/span><span style=\"color: #996600;\"><span style=\"font-family: Garamond, serif;\"><b>. <\/b><\/span><\/span><b> <\/b><span style=\"color: #996600;\"><span style=\"font-family: Garamond, serif;\"><b>Kr 3<\/b><\/span><\/span><span style=\"color: #996600;\"><span style=\"font-family: Garamond, serif;\"><b>5<\/b><\/span><\/span><span style=\"color: #996600;\"><span style=\"font-family: Garamond, serif;\"><b>00,-<\/b><\/span><\/span><span style=\"color: #996600;\"><span style=\"font-family: Garamond, serif;\"><b><br \/>\n<\/b><\/span><\/span><span style=\"color: #996600;\"><span style=\"font-family: Garamond, serif;\"><b>Arne Sand, <\/b><\/span><\/span><span style=\"color: #996600;\"><span style=\"font-family: Garamond, serif;\"><b>\u00a0<\/b><\/span><\/span><b> <\/b><span style=\"color: #996600;\"><span style=\"font-family: Garamond, serif;\"><b>Hilde R. Myhrer og Geir Gundersen<\/b><\/span><\/span><span style=\"color: #996600;\"><span style=\"font-family: Garamond, serif;\"><span style=\"font-size: medium;\"><b><br \/>\n<\/b><\/span><\/span><\/span><\/span><\/span><\/p>\n<p><span style=\"color: #000000;\"><span style=\"font-family: Garamond, serif;\"><span style=\"font-size: medium;\"><b>Folk p\u00e5 vandring <\/b><\/span><\/span><\/span><span style=\"color: #000000;\"><span style=\"font-family: Garamond, serif;\"><span style=\"font-size: medium;\"><b>mot <\/b><\/span><\/span><\/span><b> <\/b><span style=\"color: #000000;\"><span style=\"font-family: Garamond, serif;\"><span style=\"font-size: medium;\"><b>lyset&#8230;<\/b><\/span><\/span><\/span><span style=\"font-family: Garamond, serif;\"><span style=\"font-size: medium;\"><b>(Jes 9:2,6)<\/b><\/span><\/span><span style=\"color: #000000;\"><span style=\"font-family: Garamond, serif;\"><span style=\"font-size: medium;\"><b><br \/>\n<\/b><\/span><\/span><\/span><span style=\"color: #000000;\"><span style=\"font-family: Garamond, serif;\"><span style=\"font-size: medium;\"><b>H<\/b><\/span><\/span><\/span><span style=\"color: #000000;\"><span style=\"font-family: Garamond, serif;\"><span style=\"font-size: medium;\"><b>erren er n\u00e6r!<br \/>\n<\/b><\/span><\/span><\/span><span style=\"color: #990099;\"><span style=\"font-family: Garamond, serif;\"><span style=\"font-size: medium;\"><b>T<\/b><\/span><\/span><\/span><span style=\"color: #990099;\"><span style=\"font-family: Garamond, serif;\"><span style=\"font-size: medium;\"><b>or<\/b><\/span><\/span><\/span><span style=\"color: #990099;\"><span style=\"font-family: Garamond, serif;\"><span style=\"font-size: medium;\"><b>s<\/b><\/span><\/span><\/span><b> <\/b><span style=\"color: #990099;\"><span style=\"font-family: Garamond, serif;\"><span style=\"font-size: medium;\"><b>2<\/b><\/span><\/span><\/span><span style=\"color: #990099;\"><span style=\"font-family: Garamond, serif;\"><span style=\"font-size: medium;\"><b>6<\/b><\/span><\/span><\/span><span style=\"color: #990099;\"><span style=\"font-family: Garamond, serif;\"><span style=\"font-size: medium;\"><b>. <\/b><\/span><\/span><\/span><span style=\"color: #990099;\"><span style=\"font-family: Garamond, serif;\"><span style=\"font-size: medium;\"><b>nov til <\/b><\/span><\/span><\/span><span style=\"color: #990099;\"><span style=\"font-family: Garamond, serif;\"><span style=\"font-size: medium;\"><b>s<\/b><\/span><\/span><\/span><span style=\"color: #990099;\"><span style=\"font-family: Garamond, serif;\"><span style=\"font-size: medium;\"><b>\u00f8n <\/b><\/span><\/span><\/span><span style=\"color: #990099;\"><span style=\"font-family: Garamond, serif;\"><span style=\"font-size: medium;\"><b>29<\/b><\/span><\/span><\/span><span style=\"color: #990099;\"><span style=\"font-family: Garamond, serif;\"><span style=\"font-size: medium;\"><b>. nov<\/b><\/span><\/span><\/span><span style=\"color: #990099;\"><span style=\"font-family: Garamond, serif;\"><span style=\"font-size: medium;\"><b><br \/>\nkr <\/b><\/span><\/span><\/span><span style=\"color: #990099;\"><span style=\"font-family: Garamond, serif;\"><span style=\"font-size: medium;\"><b>3<\/b><\/span><\/span><\/span><span style=\"color: #990099;\"><span style=\"font-family: Garamond, serif;\"><span style=\"font-size: medium;\"><b>5<\/b><\/span><\/span><\/span><span style=\"color: #990099;\"><span style=\"font-family: Garamond, serif;\"><span style=\"font-size: medium;\"><b>00<\/b><\/span><\/span><\/span><span style=\"color: #990099;\"><span style=\"font-family: Garamond, serif;\"><span style=\"font-size: medium;\"><b>,&#8211;<\/b><\/span><\/span><\/span><span style=\"color: #990099;\"><span style=\"font-family: Garamond, serif;\"><span style=\"font-size: medium;\"><b>P. Erik SM <\/b><\/span><\/span><\/span><span style=\"color: #990099;\"><span style=\"font-family: Garamond, serif;\"><span style=\"font-size: medium;\"><b>og<\/b><\/span><\/span><\/span><b> <\/b><span style=\"color: #cc00cc;\"><span style=\"font-family: Garamond, serif;\"><span style=\"font-size: medium;\"><b>Hilde R. Myhrer<\/b><\/span><\/span><\/span><\/p>\n<p><span style=\"color: #990099;\"><span style=\"font-family: Garamond, serif;\"><span style=\"font-size: medium;\"><b>Tor<\/b><\/span><\/span><\/span><span style=\"color: #990099;\"><span style=\"font-family: Garamond, serif;\"><span style=\"font-size: medium;\"><b>s<\/b><\/span><\/span><\/span><b> <\/b><span style=\"color: #990099;\"><span style=\"font-family: Garamond, serif;\"><span style=\"font-size: medium;\"><b>0<\/b><\/span><\/span><\/span><span style=\"color: #990099;\"><span style=\"font-family: Garamond, serif;\"><span style=\"font-size: medium;\"><b>3<\/b><\/span><\/span><\/span><span style=\"color: #990099;\"><span style=\"font-family: Garamond, serif;\"><span style=\"font-size: medium;\"><b>. <\/b><\/span><\/span><\/span><span style=\"color: #990099;\"><span style=\"font-family: Garamond, serif;\"><span style=\"font-size: medium;\"><b>til <\/b><\/span><\/span><\/span><span style=\"color: #990099;\"><span style=\"font-family: Garamond, serif;\"><span style=\"font-size: medium;\"><b>s<\/b><\/span><\/span><\/span><span style=\"color: #990099;\"><span style=\"font-family: Garamond, serif;\"><span style=\"font-size: medium;\"><b>\u00f8n <\/b><\/span><\/span><\/span><span style=\"color: #990099;\"><span style=\"font-family: Garamond, serif;\"><span style=\"font-size: medium;\"><b>0<\/b><\/span><\/span><\/span><span style=\"color: #990099;\"><span style=\"font-family: Garamond, serif;\"><span style=\"font-size: medium;\"><b>6<\/b><\/span><\/span><\/span><span style=\"color: #990099;\"><span style=\"font-family: Garamond, serif;\"><span style=\"font-size: medium;\"><b>. <\/b><\/span><\/span><\/span><span style=\"color: #990099;\"><span style=\"font-family: Garamond, serif;\"><span style=\"font-size: medium;\"><b>d<\/b><\/span><\/span><\/span><span style=\"color: #990099;\"><span style=\"font-family: Garamond, serif;\"><span style=\"font-size: medium;\"><b>esember<\/b><\/span><\/span><\/span><span style=\"color: #990099;\"><span style=\"text-decoration: line-through;\"><span style=\"font-family: Garamond, serif;\"><span style=\"font-size: medium;\"><b><br \/>\n<\/b><\/span><\/span><\/span><\/span><span style=\"color: #990099;\"><span style=\"font-family: Garamond, serif;\"><span style=\"font-size: medium;\"><b>kr <\/b><\/span><\/span><\/span><span style=\"color: #990099;\"><span style=\"font-family: Garamond, serif;\"><span style=\"font-size: medium;\"><b>3<\/b><\/span><\/span><\/span><span style=\"color: #990099;\"><span style=\"font-family: Garamond, serif;\"><span style=\"font-size: medium;\"><b>5<\/b><\/span><\/span><\/span><span style=\"color: #990099;\"><span style=\"font-family: Garamond, serif;\"><span style=\"font-size: medium;\"><b>00<\/b><\/span><\/span><\/span><span style=\"color: #990099;\"><span style=\"font-family: Garamond, serif;\"><span style=\"font-size: medium;\"><b>,-<\/b><\/span><\/span><\/span><span style=\"color: #990099;\"><span style=\"font-family: Garamond, serif;\"><span style=\"font-size: medium;\"><b>P. Rory SM og <\/b><\/span><\/span><\/span><b> <\/b><span style=\"color: #990099;\"><span style=\"font-family: Garamond, serif;\"><span style=\"font-size: medium;\"><b>Sr. Marit <\/b><\/span><\/span><\/span><span style=\"color: #990099;\"><span style=\"font-family: Garamond, serif;\"><span style=\"font-size: medium;\"><b>CSJ<\/b><\/span><\/span><\/span><\/p>\n<p><span style=\"color: #990099;\"><span style=\"font-family: Garamond, serif;\"><span style=\"font-size: medium;\"><b>Tors 10. til s\u00f8n 13.. desember<br \/>\nkr 3500,- P. Rory SM og Sr. Anette CSJ<\/b><\/span><\/span><\/span><\/p>\n<p>**********************************<\/p>\n<pre><strong>P\u00e5melding helst per E-post: retrett@stjoseph.no<\/strong>\r\n<strong>Informasjon: Tlf: 23 40 09 22\u00a0 Sr. Marit<\/strong>\r\n<strong>23 40 09 35\u00a0 Sr. Anette<\/strong>\r\n<strong>Betaling: Bankgirokont0:16071823990<\/strong>\r\n<strong>***********************************<\/strong>\r\n\r\n<strong>Veibeskrivelse til retrettsentret<\/strong>\r\n\r\n<strong>Med trikk nr. 15 eller nr 12 \u2013 retning Kjels\u00e5s,<\/strong>\r\n<strong>stoppested: Gladsvei. Derfra ca. 40 m tilbake,<\/strong>\r\n<strong>inngang St. Josephs\u00f8strenes Hjem.<\/strong>\r\n<strong>Retrettsentret finner du i den gule l\u00e5vebygning.<\/strong>\r\n\r\n<strong>Med bil:<\/strong>\r\n<strong>Kj\u00f8r Ring 3. Ved Storo oppover Grefsenveien.<\/strong>\r\n<strong>Brannvaktveien p\u00e5 h\u00f8yre side.<\/strong>\r\n<strong>Inngang til retrettsentret fra Brannvaktveien<\/strong>\r\n<strong>finner du p\u00e5 baksiden av l\u00e5ven (stor gul bygning).<\/strong>\r\n\r\n<strong>Fra: Oslo lufthavn Gardermoen<\/strong>\r\n<strong>Til: Brannvaktveien 5, St. Joseph Retrettsenter<\/strong>\r\n<strong>0489 Oslo i alt ca. 58 min.<\/strong>\r\n<strong>Fra: Gardermoen flyterminal (n. plan)<\/strong>\r\n<strong>Flybuss F3 mot Bekkestua (Flybussekspressen)<\/strong>\r\n<strong>til Storo (Ringvei-rampe sydover)<\/strong>\r\n<strong>til Storo (p\u00e5 broen) ca 1 minutt<\/strong>\r\n<strong>krysser gaten og g\u00e5r retning Storo, trikkeholdeplass<\/strong>\r\n<strong>Trikk nr. 12 eller 15 mot Kjels\u00e5s etc\u2026.<\/strong>\r\n\r\n<strong>Vanlig dagsrytme (kan skje sm\u00e5 forandringer)<\/strong>\r\n\r\n<strong>Kl. 18.oo ankomst, aftens i hovedhuset,<\/strong>\r\n<strong>innf\u00f8ring i retretten, avslutning i kapellet med kompletorium<\/strong>\r\n<strong>fra kl. 8.15 frokost i hovedhuset<\/strong>\r\n<strong>Laudes kl. 9.00<\/strong>\r\n<strong>Kl. 10.00 b\u00f8nne-impuls anledning til \u00e5 spise mellommat<\/strong>\r\n<strong>kl. 12.00 middag i hovedhuset<\/strong>\r\n<strong>kl. 15.30 kaffe,te,kake<\/strong>\r\n<strong>kl. 17.30 vesper og kveldsmesse, deretter aftens i hovedhuset<\/strong>\r\n<strong>Kompletorium kl. 21.00 eller ogs\u00e5 Tilbedelse<\/strong>\r\n\r\n<strong>Plassen p\u00e5 retretten er sikret n\u00e5r p\u00e5melding er bekreftet og depositum betalt. Depositum p\u00e5 kr 500,\u2013 er en del av prisen og returneres ikke, men kan overf\u00f8res til en annen retrett.<\/strong>\r\n<strong>Bankgirokonto: 160718 23990.<\/strong>\r\n<strong>Retrettene tilbringer vi i stillhet og b\u00f8nn.<\/strong>\r\n<strong>V\u00e5re tideb\u00f8nner, den hl. Messe, stille privat b\u00f8nn og personlig veiledning er en fast del av retretten.<\/strong>\r\n<strong>Du f\u00e5r enkeltrom med dusj og wc, oppredt seng og h\u00e5ndkl\u00e6r, personlige toalettsaker tas med. Du trenger ikke mange b\u00f8ker bare Bibelen.<\/strong>\r\n<strong>Alle retretter starter med ankomst kl. 18.00 og avslutter med middagen kl. 12.15.<\/strong>\r\n\r\n<strong>ST. JOSEPH RETRETTSENTER <a href=\"http:\/\/www.stjoseph.no\/?page_id=651\">(les mer)<\/a><\/strong>\r\n\r\n<strong>Loyola Senter <span lang=\"zxx\"><a href=\"http:\/\/www.stjoseph.no\/?page_id=3358\">(les mer)<\/a><\/span><\/strong>\r\n\r\n<strong>St.Joseph Retrettsenter eies av St. Josephs\u00f8strene, Den Norske Ordensprovins.<\/strong>\r\n\r\n<strong>Vi driver sentret i samarbeid med Maristpatrene og noen veiledere som har f\u00e5tt trening hos St. Josephs\u00f8strene. Disse veilederne har gjennom lang tid ogs\u00e5 deltatt i seminarer og retretter ledet av Jesuitter. Dessuten er de ogs\u00e5 deltagere i den norsk \/skandinaviske Manresa gruppen, som m\u00f8tes en gang per m\u00e5ned - og en uke hvert \u00e5r - til videre utdanning og fordypning av Ignatiansk Spiritualitet.<\/strong>\r\n\r\n<strong>De er veiledere p\u00e5 Loyola senter og gir veiledning p\u00e5 v\u00e5re retretter og ogs\u00e5 utenom retrettene og fremmer den Ignatianske veiledningstradisjon. F\u00f8lgende personer danner n\u00e5 veilederteamet:<\/strong>\r\n<strong>Prest Arne Sand, Bj\u00f8rg Eimstad, prest Geir Gundersen, Hilde Reinertsen Myhrer, Jeanine Rogge Ruyter,<\/strong>\r\n<strong>Maristpatrene: P. Rory Mulligan, P. Erik Ruud og St. Josephs\u00f8strene: Sr. Anette Moltubakk og Sr. Marit Brinkmann.\u00d8nsker man veiledning utenom retretter s\u00e5 kan man henvende seg til Hilde R. Myhrer som koordinerer veiledning tel: 901 37 045<\/strong>\r\n<strong>E-post: Hilde Reinertsen Myhrer &lt;myhrer4@online.no&gt;<\/strong>\r\n<strong>*********************************************************\r\n\r\n<\/strong><\/pre>\n<h1><\/h1>\n","protected":false},"excerpt":{"rendered":"<p>\u00a0 Den norske ordensprovins Brannvaktveien 5, N-0489 Oslo Tel: 23400935\/23400922 provins@stjoseph.no ***************** St. Josephs\u00f8strene av Chamb\u00e9ry Den norske ordensprovins ***************************** Kong Harald V d\u00f8de 28.08.2026 R.I.P La oss be for\u00a0 v\u00e5r kjaere konge og m\u00e5 han hvile i Guds kjaerlighet og fred. Pontifikal rekviemmesse for kong Harald i Sankt Olav domkirke Sankt Olav domkirke i &hellip; <a href=\"https:\/\/www.StJoseph.no\/?p=4659\" class=\"more-link\">Continue reading<span class=\"screen-reader-text\"> &#8220;&#8221;<\/span><\/a><\/p>\n","protected":false},"author":5,"featured_media":0,"comment_status":"closed","ping_status":"closed","sticky":false,"template":"","format":"standard","meta":{"footnotes":""},"categories":[1],"tags":[],"class_list":["post-4659","post","type-post","status-publish","format-standard","hentry","category-uncategorized"],"_links":{"self":[{"href":"https:\/\/www.StJoseph.no\/index.php?rest_route=\/wp\/v2\/posts\/4659","targetHints":{"allow":["GET"]}}],"collection":[{"href":"https:\/\/www.StJoseph.no\/index.php?rest_route=\/wp\/v2\/posts"}],"about":[{"href":"https:\/\/www.StJoseph.no\/index.php?rest_route=\/wp\/v2\/types\/post"}],"author":[{"embeddable":true,"href":"https:\/\/www.StJoseph.no\/index.php?rest_route=\/wp\/v2\/users\/5"}],"replies":[{"embeddable":true,"href":"https:\/\/www.StJoseph.no\/index.php?rest_route=%2Fwp%2Fv2%2Fcomments&post=4659"}],"version-history":[{"count":1450,"href":"https:\/\/www.StJoseph.no\/index.php?rest_route=\/wp\/v2\/posts\/4659\/revisions"}],"predecessor-version":[{"id":15855,"href":"https:\/\/www.StJoseph.no\/index.php?rest_route=\/wp\/v2\/posts\/4659\/revisions\/15855"}],"wp:attachment":[{"href":"https:\/\/www.StJoseph.no\/index.php?rest_route=%2Fwp%2Fv2%2Fmedia&parent=4659"}],"wp:term":[{"taxonomy":"category","embeddable":true,"href":"https:\/\/www.StJoseph.no\/index.php?rest_route=%2Fwp%2Fv2%2Fcategories&post=4659"},{"taxonomy":"post_tag","embeddable":true,"href":"https:\/\/www.StJoseph.no\/index.php?rest_route=%2Fwp%2Fv2%2Ftags&post=4659"}],"curies":[{"name":"wp","href":"https:\/\/api.w.org\/{rel}","templated":true}]}}